{"id":2566,"date":"2024-04-05T16:38:32","date_gmt":"2024-04-05T16:38:32","guid":{"rendered":"https:\/\/cafedelinfluence.com\/?p=2566"},"modified":"2024-04-19T17:05:01","modified_gmt":"2024-04-19T17:05:01","slug":"evento-conferencias-networking-marketing-en-barcelona","status":"publish","type":"post","link":"https:\/\/cafedelinfluence.com\/es\/evento-conferencias-networking-marketing-en-barcelona\/","title":{"rendered":"El Caf\u00e9 de l&#8217;Influence : tu nuevo evento de conferencias y networking de marketing en Barcelona"},"content":{"rendered":"\n<p>Este a\u00f1o, El Caf\u00e9 de l&#8217;Influence llega a Barcelona! El evento de networking y conferencias sobre el influencer marketing y las redes sociales contin\u00faa su expansi\u00f3n despu\u00e9s de 2 a\u00f1os en Par\u00eds<strong> <\/strong>y llega a una nueva ciudad: <strong>Barcelona<\/strong>. <\/p>\n\n\n\n<p>A trav\u00e9s de charlas, mesas redondas, y afterworks, El Caf\u00e9 de l&#8217;Influence re\u00fane a profesionales de la comunicaci\u00f3n y del marketing para hablar de las nuevas tendencias, retos, y estrategias de esta industria. <\/p>\n\n\n\n<h2 class=\"wp-block-heading\">\u00bfQu\u00e9 es el Caf\u00e9 de l&#8217;Influence?<\/h2>\n\n\n\n<figure class=\"wp-block-image size-large\"><img loading=\"lazy\" decoding=\"async\" width=\"1200\" height=\"800\" src=\"https:\/\/cafedelinfluence.com\/wp-content\/uploads\/2024\/04\/cafe-de-linfluence-1200x800.jpg\" alt=\"cafe de l'influence\" class=\"wp-image-2500\" srcset=\"https:\/\/cafedelinfluence.com\/wp-content\/uploads\/2024\/04\/cafe-de-linfluence-1200x800.jpg 1200w, https:\/\/cafedelinfluence.com\/wp-content\/uploads\/2024\/04\/cafe-de-linfluence-400x267.jpg 400w, https:\/\/cafedelinfluence.com\/wp-content\/uploads\/2024\/04\/cafe-de-linfluence-768x512.jpg 768w, https:\/\/cafedelinfluence.com\/wp-content\/uploads\/2024\/04\/cafe-de-linfluence-600x400.jpg 600w, https:\/\/cafedelinfluence.com\/wp-content\/uploads\/2024\/04\/cafe-de-linfluence.jpg 1890w\" sizes=\"auto, (max-width: 1200px) 100vw, 1200px\" \/><figcaption class=\"wp-element-caption\">Foto de nuestro evento afterwork de Par\u00eds, Junio 2023<\/figcaption><\/figure>\n\n\n\n<p>El Caf\u00e9 de l&#8217;Influence es un evento creado en 2021 por <a href=\"https:\/\/www.linkedin.com\/in\/myriam-roche\/\">Myriam Roche<\/a>, periodista y fundadora del medio Les Gens d&#8217;Internet y <a href=\"https:\/\/www.linkedin.com\/in\/estelle-ducommun-41356594\/\">Estelle Ducommun<\/a>, experta en marketing digital y co-fundadora de su agencia de marketing y web.<\/p>\n\n\n\n<p>Desde el 2022, El Caf\u00e9 de l&#8217;Influence re\u00fane en Par\u00eds a profesionales del sector del influencer marketing y de las redes sociales con mesas redondas, afterworks y jornadas de conferencias. El objetivo del Caf\u00e9 de l&#8217;influence es el de crear contactos de calidad entre profesionales, y tambi\u00e9n educar a las empresas sobre los beneficios de las redes sociales y el marketing de influencers.<\/p>\n\n\n\n<blockquote class=\"wp-block-quote is-layout-flow wp-block-quote-is-layout-flow\">\n<p>Este evento de networking y conferencias ya ha reunido a m\u00e1s de 450 profesionales y empresas en Par\u00eds.<\/p>\n<\/blockquote>\n\n\n\n<h2 class=\"wp-block-heading\">\u00bfPara qui\u00e9n es?<\/h2>\n\n\n\n<p>Las conferencias y momentos de networking del Caf\u00e9 son para profesionales del marketing y de la comunicaci\u00f3n, y\/o de marcas y empresas que quieren mejorar sus estrategias online.<\/p>\n\n\n\n<p>Se dirige <strong>a directores de marketing o comunicaci\u00f3n, freelancers, agencias<\/strong>, que quieren mejorar sus estrategias aprendiendo de los mejores expertos, y expandir su red con contactos.<\/p>\n\n\n\n<p id=\"ember4274\">El objetivo del Caf\u00e9 de l&#8217;Influence es crear <strong>una comunidad amplia de profesionales del influence marketing y las redes sociales <\/strong>en dos de los principales centros tecnol\u00f3gicos de Europa.<\/p>\n\n\n\n<p id=\"ember4275\">Adem\u00e1s de facilitar los encuentros, nuestro objetivo es <strong>generar negocio<\/strong> y facilitar que los profesionales del sector puedan colaborar en sus pr\u00f3ximos proyectos.<\/p>\n\n\n\n<h2 class=\"wp-block-heading\">\u00bfDe qu\u00e9 se hablar\u00e1?<\/h2>\n\n\n\n<ul class=\"wp-block-list\">\n<li>tendencias en las RRSS<\/li>\n\n\n\n<li>actualidades del sector<\/li>\n\n\n\n<li>estrategias de influence marketing<\/li>\n\n\n\n<li>success stories de marcas creativas<\/li>\n<\/ul>\n\n\n\n<p><a href=\"https:\/\/cafedelinfluence.com\/es\/#barcelona\" data-type=\"link\" data-id=\"https:\/\/cafedelinfluence.com\/es\/#barcelona\">Descubre nuestro programa de 2024 en Barcelona.<\/a><\/p>\n\n\n\n<h2 class=\"wp-block-heading\">S\u00e9 parte de una comunidad de profesionales del marketing<\/h2>\n\n\n\n<p>\u00danete a profesionales comprometidos con la evoluci\u00f3n del sector de las redes sociales, y <a href=\"https:\/\/cafedelinfluence.com\/es\/suscripcion\/\" data-type=\"link\" data-id=\"https:\/\/cafedelinfluence.com\/es\/suscripcion\/\">hazte miembro <\/a>de una comunidad donde se genera negocio real entre los participantes.<br><br>\ud83d\udcac Nuestros pr\u00f3ximos eventos abordar\u00e1n temas cruciales como el papel de la IA en el influence marketing, la necesidad de una regulaci\u00f3n m\u00e1s efectiva del sector, estudios de caso de campa\u00f1as internacionales y c\u00f3mo medir el ROI de las campa\u00f1as&#8230;<br><br>La diversidad de nuestros participantes y la calidad de nuestros ponentes son la clave para generar contactos profesionales duraderos y de calidad. \u00a1No te quedes fuera!<\/p>\n","protected":false},"excerpt":{"rendered":"<p>Este a\u00f1o, El Caf\u00e9 de l&#8217;Influence llega a Barcelona! El evento de networking y conferencias sobre el influencer marketing y las redes sociales contin\u00faa su expansi\u00f3n despu\u00e9s de 2 a\u00f1os en Par\u00eds y llega a una nueva ciudad: Barcelona. A trav\u00e9s de charlas, mesas redondas, y afterworks, El Caf\u00e9 de l&#8217;Influence re\u00fane a profesionales de [&hellip;]<\/p>\n","protected":false},"author":2,"featured_media":1577,"comment_status":"closed","ping_status":"closed","sticky":false,"template":"","format":"standard","meta":{"_acf_changed":false,"inline_featured_image":false,"footnotes":""},"categories":[40],"tags":[],"class_list":["post-2566","post","type-post","status-publish","format-standard","has-post-thumbnail","hentry","category-sin-categorizar"],"acf":[],"_links":{"self":[{"href":"https:\/\/cafedelinfluence.com\/es\/wp-json\/wp\/v2\/posts\/2566","targetHints":{"allow":["GET"]}}],"collection":[{"href":"https:\/\/cafedelinfluence.com\/es\/wp-json\/wp\/v2\/posts"}],"about":[{"href":"https:\/\/cafedelinfluence.com\/es\/wp-json\/wp\/v2\/types\/post"}],"author":[{"embeddable":true,"href":"https:\/\/cafedelinfluence.com\/es\/wp-json\/wp\/v2\/users\/2"}],"replies":[{"embeddable":true,"href":"https:\/\/cafedelinfluence.com\/es\/wp-json\/wp\/v2\/comments?post=2566"}],"version-history":[{"count":5,"href":"https:\/\/cafedelinfluence.com\/es\/wp-json\/wp\/v2\/posts\/2566\/revisions"}],"predecessor-version":[{"id":2575,"href":"https:\/\/cafedelinfluence.com\/es\/wp-json\/wp\/v2\/posts\/2566\/revisions\/2575"}],"wp:featuredmedia":[{"embeddable":true,"href":"https:\/\/cafedelinfluence.com\/es\/wp-json\/wp\/v2\/media\/1577"}],"wp:attachment":[{"href":"https:\/\/cafedelinfluence.com\/es\/wp-json\/wp\/v2\/media?parent=2566"}],"wp:term":[{"taxonomy":"category","embeddable":true,"href":"https:\/\/cafedelinfluence.com\/es\/wp-json\/wp\/v2\/categories?post=2566"},{"taxonomy":"post_tag","embeddable":true,"href":"https:\/\/cafedelinfluence.com\/es\/wp-json\/wp\/v2\/tags?post=2566"}],"curies":[{"name":"wp","href":"https:\/\/api.w.org\/{rel}","templated":true}]}}